{"id":8842,"date":"2022-02-25T17:44:04","date_gmt":"2022-02-25T23:44:04","guid":{"rendered":"https:\/\/anuies-tic.anuies.mx\/web\/?p=8842"},"modified":"2022-03-15T10:15:40","modified_gmt":"2022-03-15T16:15:40","slug":"dia-internacional-de-la-mujer-conversatorio-desafios-y-oportunidades-de-las-mujeres-afrontan-ante-la-creciente-digitalizacion","status":"publish","type":"post","link":"https:\/\/anuies-tic.anuies.mx\/web\/dia-internacional-de-la-mujer-conversatorio-desafios-y-oportunidades-de-las-mujeres-afrontan-ante-la-creciente-digitalizacion\/","title":{"rendered":"D\u00eda Internacional de la Mujer \/ Conversatorio: \u201cDesaf\u00edos y oportunidades que las mujeres afrontan ante la creciente digitalizaci\u00f3n\u201d"},"content":{"rendered":"\n<div class=\"wp-block-image\"><figure class=\"aligncenter size-large is-resized\"><a href=\"https:\/\/anuies-tic.anuies.mx\/web\/wp-content\/uploads\/2022\/03\/banner-para-correo.jpeg\"><img loading=\"lazy\" decoding=\"async\" src=\"https:\/\/anuies-tic.anuies.mx\/web\/wp-content\/uploads\/2022\/03\/banner-para-correo-904x1024.jpeg\" alt=\"\" class=\"wp-image-8862\" width=\"452\" height=\"512\" srcset=\"https:\/\/anuies-tic.anuies.mx\/web\/wp-content\/uploads\/2022\/03\/banner-para-correo-904x1024.jpeg 904w, https:\/\/anuies-tic.anuies.mx\/web\/wp-content\/uploads\/2022\/03\/banner-para-correo-265x300.jpeg 265w, https:\/\/anuies-tic.anuies.mx\/web\/wp-content\/uploads\/2022\/03\/banner-para-correo-768x870.jpeg 768w, https:\/\/anuies-tic.anuies.mx\/web\/wp-content\/uploads\/2022\/03\/banner-para-correo.jpeg 1130w\" sizes=\"auto, (max-width: 452px) 100vw, 452px\" \/><\/a><\/figure><\/div>\n\n\n<p><span style=\"font-family: helvetica, arial, sans-serif; font-size: 14pt;\"><strong>Conversatorio: \u201cDesaf\u00edos y oportunidades que las mujeres afrontan ante la creciente digitalizaci\u00f3n\u201d<\/strong><\/span><\/p>\n<p><span style=\"font-family: helvetica, arial, sans-serif; font-size: 14pt;\"><strong>Horario: 10:00 a 12:00 horas (horario de la CDMX)<\/strong><\/span><\/p>\n<p><strong>Invitada especial para la apertura del panel:<\/strong> <strong>Dra. Esther Gim\u00e9nez-Salinas i Colomer<\/strong>, Presidenta de Honor de MetaRed. (Espa\u00f1a).<\/p>\n<p><strong>Moderadora:<\/strong> Mtra. Erika S\u00e1nchez Chabl\u00e9 (M\u00e9xico).<\/p>\n<p><strong>Ponentes:<\/strong><\/p>\n<p>Dra. Marina Vicario Sol\u00f3rzano (M\u00e9xico).<\/p>\n<p>Dra. Patricia Rosa Linda Trujillo-Mariel (M\u00e9xico).<\/p>\n<p>Dra. Elsa Est\u00e9vez (Argentina).<\/p>\n<p>Dra. Nancy Matos (Per\u00fa).<\/p>\n<p>Dra. Patricia Hern\u00e1ndez Ca\u00f1adas (Honduras).<\/p>\n<p style=\"text-align: center;\"><a class=\"fasc-button fasc-size-large fasc-type-glossy fasc-rounded-medium fasc-ico-before dashicons-welcome-write-blog\" style=\"background-color: #9e338c; color: #ffffff;\" target=\"_blank\" rel=\"noopener\" href=\"https:\/\/mujeres-tic.anuies.mx\/conversatorio8m\/\">Registro<\/a><\/p>","protected":false},"excerpt":{"rendered":"<p>Conversatorio: \u201cDesaf\u00edos y oportunidades que las mujeres afrontan ante la creciente digitalizaci\u00f3n\u201d Horario: 10:00 a 12:00 horas (horario de la CDMX) Invitada especial para la apertura del panel: Dra. Esther Gim\u00e9nez-Salinas i Colomer, Presidenta de Honor de MetaRed. (Espa\u00f1a). Moderadora: Mtra. Erika S\u00e1nchez Chabl\u00e9 (M\u00e9xico). Ponentes: Dra. Marina Vicario Sol\u00f3rzano (M\u00e9xico). Dra. Patricia Rosa Linda [&hellip;]<\/p>\n","protected":false},"author":1,"featured_media":8860,"comment_status":"closed","ping_status":"closed","sticky":false,"template":"","format":"standard","meta":{"footnotes":""},"categories":[52],"tags":[],"class_list":{"0":"post-8842","1":"post","2":"type-post","3":"status-publish","4":"format-standard","5":"has-post-thumbnail","6":"hentry","7":"category-eventos-anteriores","9":"post-with-thumbnail","10":"post-with-thumbnail-large"},"rttpg_featured_image_url":{"full":["https:\/\/anuies-tic.anuies.mx\/web\/wp-content\/uploads\/2022\/02\/banner-para-correo.jpeg",1130,1280,false],"landscape":["https:\/\/anuies-tic.anuies.mx\/web\/wp-content\/uploads\/2022\/02\/banner-para-correo.jpeg",1130,1280,false],"portraits":["https:\/\/anuies-tic.anuies.mx\/web\/wp-content\/uploads\/2022\/02\/banner-para-correo.jpeg",1130,1280,false],"thumbnail":["https:\/\/anuies-tic.anuies.mx\/web\/wp-content\/uploads\/2022\/02\/banner-para-correo-150x150.jpeg",150,150,true],"medium":["https:\/\/anuies-tic.anuies.mx\/web\/wp-content\/uploads\/2022\/02\/banner-para-correo-265x300.jpeg",265,300,true],"large":["https:\/\/anuies-tic.anuies.mx\/web\/wp-content\/uploads\/2022\/02\/banner-para-correo-904x1024.jpeg",720,816,true],"1536x1536":["https:\/\/anuies-tic.anuies.mx\/web\/wp-content\/uploads\/2022\/02\/banner-para-correo.jpeg",1130,1280,false],"2048x2048":["https:\/\/anuies-tic.anuies.mx\/web\/wp-content\/uploads\/2022\/02\/banner-para-correo.jpeg",1130,1280,false],"post-thumbnail":["https:\/\/anuies-tic.anuies.mx\/web\/wp-content\/uploads\/2022\/02\/banner-para-correo-720x380.jpeg",720,380,true],"vantage-thumbnail-no-sidebar":["https:\/\/anuies-tic.anuies.mx\/web\/wp-content\/uploads\/2022\/02\/banner-para-correo-1080x380.jpeg",1080,380,true],"vantage-slide":["https:\/\/anuies-tic.anuies.mx\/web\/wp-content\/uploads\/2022\/02\/banner-para-correo-960x480.jpeg",960,480,true],"vantage-carousel":["https:\/\/anuies-tic.anuies.mx\/web\/wp-content\/uploads\/2022\/02\/banner-para-correo-272x182.jpeg",272,182,true],"vantage-grid-loop":["https:\/\/anuies-tic.anuies.mx\/web\/wp-content\/uploads\/2022\/02\/banner-para-correo-436x272.jpeg",436,272,true],"sow-carousel-default":["https:\/\/anuies-tic.anuies.mx\/web\/wp-content\/uploads\/2022\/02\/banner-para-correo-272x182.jpeg",272,182,true]},"rttpg_author":{"display_name":"ctrlweb","author_link":"https:\/\/anuies-tic.anuies.mx\/web\/author\/ctrldcsctrlweb\/"},"rttpg_comment":0,"rttpg_category":"<a href=\"https:\/\/anuies-tic.anuies.mx\/web\/category\/eventos\/eventos-anteriores\/\" rel=\"category tag\">Eventos anteriores<\/a>","rttpg_excerpt":"Conversatorio: \u201cDesaf\u00edos y oportunidades que las mujeres afrontan ante la creciente digitalizaci\u00f3n\u201d Horario: 10:00 a 12:00 horas (horario de la CDMX) Invitada especial para la apertura del panel: Dra. Esther Gim\u00e9nez-Salinas i Colomer, Presidenta de Honor de MetaRed. (Espa\u00f1a). Moderadora: Mtra. Erika S\u00e1nchez Chabl\u00e9 (M\u00e9xico). Ponentes: Dra. Marina Vicario Sol\u00f3rzano (M\u00e9xico). Dra. Patricia Rosa Linda&hellip;","_links":{"self":[{"href":"https:\/\/anuies-tic.anuies.mx\/web\/wp-json\/wp\/v2\/posts\/8842","targetHints":{"allow":["GET"]}}],"collection":[{"href":"https:\/\/anuies-tic.anuies.mx\/web\/wp-json\/wp\/v2\/posts"}],"about":[{"href":"https:\/\/anuies-tic.anuies.mx\/web\/wp-json\/wp\/v2\/types\/post"}],"author":[{"embeddable":true,"href":"https:\/\/anuies-tic.anuies.mx\/web\/wp-json\/wp\/v2\/users\/1"}],"replies":[{"embeddable":true,"href":"https:\/\/anuies-tic.anuies.mx\/web\/wp-json\/wp\/v2\/comments?post=8842"}],"version-history":[{"count":5,"href":"https:\/\/anuies-tic.anuies.mx\/web\/wp-json\/wp\/v2\/posts\/8842\/revisions"}],"predecessor-version":[{"id":8865,"href":"https:\/\/anuies-tic.anuies.mx\/web\/wp-json\/wp\/v2\/posts\/8842\/revisions\/8865"}],"wp:featuredmedia":[{"embeddable":true,"href":"https:\/\/anuies-tic.anuies.mx\/web\/wp-json\/wp\/v2\/media\/8860"}],"wp:attachment":[{"href":"https:\/\/anuies-tic.anuies.mx\/web\/wp-json\/wp\/v2\/media?parent=8842"}],"wp:term":[{"taxonomy":"category","embeddable":true,"href":"https:\/\/anuies-tic.anuies.mx\/web\/wp-json\/wp\/v2\/categories?post=8842"},{"taxonomy":"post_tag","embeddable":true,"href":"https:\/\/anuies-tic.anuies.mx\/web\/wp-json\/wp\/v2\/tags?post=8842"}],"curies":[{"name":"wp","href":"https:\/\/api.w.org\/{rel}","templated":true}]}}