{"id":8876,"date":"2022-03-15T10:13:42","date_gmt":"2022-03-15T16:13:42","guid":{"rendered":"https:\/\/anuies-tic.anuies.mx\/web\/?p=8876"},"modified":"2022-03-15T12:19:56","modified_gmt":"2022-03-15T18:19:56","slug":"madurez-en-el-sistema-integral-de-informacion-universitaria-caso-de-la-unacar","status":"publish","type":"post","link":"https:\/\/anuies-tic.anuies.mx\/web\/madurez-en-el-sistema-integral-de-informacion-universitaria-caso-de-la-unacar\/","title":{"rendered":"Madurez en el Sistema Integral de Informaci\u00f3n Universitaria, caso de la UNACAR"},"content":{"rendered":"<div id=\"pl-8876\"  class=\"panel-layout\" ><div id=\"pg-8876-0\"  class=\"panel-grid panel-no-style\" ><div id=\"pgc-8876-0-0\"  class=\"panel-grid-cell\" ><div id=\"panel-8876-0-0-0\" class=\"so-panel widget widget_sow-editor panel-first-child panel-last-child\" data-index=\"0\" ><div\n\t\t\t\n\t\t\tclass=\"so-widget-sow-editor so-widget-sow-editor-base\"\n\t\t\t\n\t\t>\n<div class=\"siteorigin-widget-tinymce textwidget\">\n\t<p><a href=\"https:\/\/anuies-tic.anuies.mx\/web\/wp-content\/uploads\/2022\/03\/banner-pequeno2.jpeg\"><img loading=\"lazy\" decoding=\"async\" class=\"alignnone wp-image-8877 size-full\" src=\"https:\/\/anuies-tic.anuies.mx\/web\/wp-content\/uploads\/2022\/03\/banner-pequeno2.jpeg\" alt=\"\" width=\"1280\" height=\"1228\" srcset=\"https:\/\/anuies-tic.anuies.mx\/web\/wp-content\/uploads\/2022\/03\/banner-pequeno2.jpeg 1280w, https:\/\/anuies-tic.anuies.mx\/web\/wp-content\/uploads\/2022\/03\/banner-pequeno2-300x288.jpeg 300w, https:\/\/anuies-tic.anuies.mx\/web\/wp-content\/uploads\/2022\/03\/banner-pequeno2-1024x982.jpeg 1024w, https:\/\/anuies-tic.anuies.mx\/web\/wp-content\/uploads\/2022\/03\/banner-pequeno2-768x737.jpeg 768w\" sizes=\"auto, (max-width: 1280px) 100vw, 1280px\" \/><\/a><\/p>\n<\/div>\n<\/div><\/div><\/div><div id=\"pgc-8876-0-1\"  class=\"panel-grid-cell\" ><div id=\"panel-8876-0-1-0\" class=\"so-panel widget widget_sow-editor panel-first-child panel-last-child\" data-index=\"1\" ><div\n\t\t\t\n\t\t\tclass=\"so-widget-sow-editor so-widget-sow-editor-base\"\n\t\t\t\n\t\t>\n<div class=\"siteorigin-widget-tinymce textwidget\">\n\t<p><strong>Expositores:<\/strong><\/p>\n<ol>\n<li><strong> Jes\u00fas Antonio Nev\u00e1rez Aceves, <\/strong>Responsable del Subgrupo: Eje 2 \u2013 Sistema Integral de Informaci\u00f3n Universitaria en apoyo a la Transformaci\u00f3n Digital.<strong>(moderador)<\/strong><\/li>\n<li><strong> Erika S\u00e1nchez Chabl\u00e9<\/strong>, Coordinadora General de Tecnolog\u00edas de la Informaci\u00f3n y la Comunicaci\u00f3n (CGTIC).<\/li>\n<li><strong> Ra\u00fal Arturo Peralta, <\/strong>Jefe del Departamento de Desarrollo de Sistemas y Servicios Web<\/li>\n<li><strong> Elizabeth Ojeda Castillo,<\/strong> Directora de Control Escolar.<\/li>\n<\/ol>\n<p>Universidad Aut\u00f3noma del Carmen<\/p>\n<p><strong>&nbsp;<\/strong><strong>Fecha:&nbsp;<\/strong>15 marzo<\/p>\n<p><strong>&nbsp;<\/strong><strong>Horario:&nbsp;<\/strong>10:30 a 12:00 (CDMX)<\/p>\n<p><a class=\"fasc-button fasc-size-large fasc-type-glossy fasc-rounded-medium fasc-ico-before dashicons-welcome-write-blog fasc-style-bold\" style=\"background-color: #247edd; color: #ffffff;\" target=\"_blank\" href=\"https:\/\/comision-gfinanciera.anuies.mx\/madurez-sistema-unacar\/\" rel=\"noopener\">REGISTRO<\/a><\/p>\n<\/div>\n<\/div><\/div><\/div><\/div><\/div>","protected":false},"excerpt":{"rendered":"<p>Expositores: Jes\u00fas Antonio Nev\u00e1rez Aceves, Responsable del Subgrupo: Eje 2 \u2013 Sistema Integral de Informaci\u00f3n Universitaria en apoyo a la Transformaci\u00f3n Digital.(moderador) Erika S\u00e1nchez Chabl\u00e9, Coordinadora General de Tecnolog\u00edas de la Informaci\u00f3n y la Comunicaci\u00f3n (CGTIC). Ra\u00fal Arturo Peralta, Jefe del Departamento de Desarrollo de Sistemas y Servicios Web Elizabeth Ojeda Castillo, Directora de Control [&hellip;]<\/p>\n","protected":false},"author":1,"featured_media":8877,"comment_status":"closed","ping_status":"closed","sticky":false,"template":"","format":"standard","meta":{"footnotes":""},"categories":[3,52],"tags":[],"class_list":{"0":"post-8876","1":"post","2":"type-post","3":"status-publish","4":"format-standard","5":"has-post-thumbnail","6":"hentry","7":"category-eventos","8":"category-eventos-anteriores","10":"post-with-thumbnail","11":"post-with-thumbnail-large"},"rttpg_featured_image_url":{"full":["https:\/\/anuies-tic.anuies.mx\/web\/wp-content\/uploads\/2022\/03\/banner-pequeno2.jpeg",1280,1228,false],"landscape":["https:\/\/anuies-tic.anuies.mx\/web\/wp-content\/uploads\/2022\/03\/banner-pequeno2.jpeg",1280,1228,false],"portraits":["https:\/\/anuies-tic.anuies.mx\/web\/wp-content\/uploads\/2022\/03\/banner-pequeno2.jpeg",1280,1228,false],"thumbnail":["https:\/\/anuies-tic.anuies.mx\/web\/wp-content\/uploads\/2022\/03\/banner-pequeno2-150x150.jpeg",150,150,true],"medium":["https:\/\/anuies-tic.anuies.mx\/web\/wp-content\/uploads\/2022\/03\/banner-pequeno2-300x288.jpeg",300,288,true],"large":["https:\/\/anuies-tic.anuies.mx\/web\/wp-content\/uploads\/2022\/03\/banner-pequeno2-1024x982.jpeg",720,690,true],"1536x1536":["https:\/\/anuies-tic.anuies.mx\/web\/wp-content\/uploads\/2022\/03\/banner-pequeno2.jpeg",1280,1228,false],"2048x2048":["https:\/\/anuies-tic.anuies.mx\/web\/wp-content\/uploads\/2022\/03\/banner-pequeno2.jpeg",1280,1228,false],"post-thumbnail":["https:\/\/anuies-tic.anuies.mx\/web\/wp-content\/uploads\/2022\/03\/banner-pequeno2-720x380.jpeg",720,380,true],"vantage-thumbnail-no-sidebar":["https:\/\/anuies-tic.anuies.mx\/web\/wp-content\/uploads\/2022\/03\/banner-pequeno2-1080x380.jpeg",1080,380,true],"vantage-slide":["https:\/\/anuies-tic.anuies.mx\/web\/wp-content\/uploads\/2022\/03\/banner-pequeno2-960x480.jpeg",960,480,true],"vantage-carousel":["https:\/\/anuies-tic.anuies.mx\/web\/wp-content\/uploads\/2022\/03\/banner-pequeno2-272x182.jpeg",272,182,true],"vantage-grid-loop":["https:\/\/anuies-tic.anuies.mx\/web\/wp-content\/uploads\/2022\/03\/banner-pequeno2-436x272.jpeg",436,272,true],"sow-carousel-default":["https:\/\/anuies-tic.anuies.mx\/web\/wp-content\/uploads\/2022\/03\/banner-pequeno2-272x182.jpeg",272,182,true]},"rttpg_author":{"display_name":"ctrlweb","author_link":"https:\/\/anuies-tic.anuies.mx\/web\/author\/ctrldcsctrlweb\/"},"rttpg_comment":0,"rttpg_category":"<a href=\"https:\/\/anuies-tic.anuies.mx\/web\/category\/eventos\/\" rel=\"category tag\">Eventos<\/a> <a href=\"https:\/\/anuies-tic.anuies.mx\/web\/category\/eventos\/eventos-anteriores\/\" rel=\"category tag\">Eventos anteriores<\/a>","rttpg_excerpt":"Expositores: Jes\u00fas Antonio Nev\u00e1rez Aceves, Responsable del Subgrupo: Eje 2 \u2013 Sistema Integral de Informaci\u00f3n Universitaria en apoyo a la Transformaci\u00f3n Digital.(moderador) Erika S\u00e1nchez Chabl\u00e9, Coordinadora General de Tecnolog\u00edas de la Informaci\u00f3n y la Comunicaci\u00f3n (CGTIC). Ra\u00fal Arturo Peralta, Jefe del Departamento de Desarrollo de Sistemas y Servicios Web Elizabeth Ojeda Castillo, Directora de Control&hellip;","_links":{"self":[{"href":"https:\/\/anuies-tic.anuies.mx\/web\/wp-json\/wp\/v2\/posts\/8876","targetHints":{"allow":["GET"]}}],"collection":[{"href":"https:\/\/anuies-tic.anuies.mx\/web\/wp-json\/wp\/v2\/posts"}],"about":[{"href":"https:\/\/anuies-tic.anuies.mx\/web\/wp-json\/wp\/v2\/types\/post"}],"author":[{"embeddable":true,"href":"https:\/\/anuies-tic.anuies.mx\/web\/wp-json\/wp\/v2\/users\/1"}],"replies":[{"embeddable":true,"href":"https:\/\/anuies-tic.anuies.mx\/web\/wp-json\/wp\/v2\/comments?post=8876"}],"version-history":[{"count":1,"href":"https:\/\/anuies-tic.anuies.mx\/web\/wp-json\/wp\/v2\/posts\/8876\/revisions"}],"predecessor-version":[{"id":8878,"href":"https:\/\/anuies-tic.anuies.mx\/web\/wp-json\/wp\/v2\/posts\/8876\/revisions\/8878"}],"wp:featuredmedia":[{"embeddable":true,"href":"https:\/\/anuies-tic.anuies.mx\/web\/wp-json\/wp\/v2\/media\/8877"}],"wp:attachment":[{"href":"https:\/\/anuies-tic.anuies.mx\/web\/wp-json\/wp\/v2\/media?parent=8876"}],"wp:term":[{"taxonomy":"category","embeddable":true,"href":"https:\/\/anuies-tic.anuies.mx\/web\/wp-json\/wp\/v2\/categories?post=8876"},{"taxonomy":"post_tag","embeddable":true,"href":"https:\/\/anuies-tic.anuies.mx\/web\/wp-json\/wp\/v2\/tags?post=8876"}],"curies":[{"name":"wp","href":"https:\/\/api.w.org\/{rel}","templated":true}]}}